{"id":5927,"date":"2025-04-11T16:09:26","date_gmt":"2025-04-11T14:09:26","guid":{"rendered":"https:\/\/coworking-eutin.de\/for-foreninger\/"},"modified":"2026-03-11T09:09:58","modified_gmt":"2026-03-11T08:09:58","slug":"for-foreninger","status":"publish","type":"post","link":"https:\/\/coworking-eutin.de\/da\/for-foreninger\/","title":{"rendered":"For foreninger."},"content":{"rendered":"\t\t<div data-elementor-type=\"wp-post\" data-elementor-id=\"5927\" class=\"elementor elementor-5927 elementor-5125\" data-elementor-post-type=\"post\">\n\t\t\t\t<div class=\"elementor-element elementor-element-4e26043 e-flex e-con-boxed e-con e-parent\" data-id=\"4e26043\" data-element_type=\"container\" data-e-type=\"container\">\n\t\t\t\t\t<div class=\"e-con-inner\">\n\t\t\t\t<div class=\"elementor-element elementor-element-4cc9823 elementor-widget elementor-widget-text-editor\" data-id=\"4cc9823\" data-element_type=\"widget\" data-e-type=\"widget\" data-widget_type=\"text-editor.default\">\n\t\t\t\t<div class=\"elementor-widget-container\">\n\t\t\t\t\t\t\t\t\t<h3 class=\"\" data-start=\"263\" data-end=\"302\">Plads til engagement og udveksling<\/h3><p class=\"\" data-start=\"303\" data-end=\"617\">Uanset om det er bestyrelsesm\u00f8der, projektplanl\u00e6gning eller team-workshops \u2013 vores coworking-space giver foreninger de rette rammer til produktive m\u00f8der. Der er tre moderne lokaler i forskellige st\u00f8rrelser til r\u00e5dighed \u2013 med fleksibel bordopstilling, pr\u00e6sentationsteknik og en atmosf\u00e6re, der fremmer samarbejde. <\/p><p class=\"\" data-start=\"619\" data-end=\"772\">Vores rummelige terrasse og vores k\u00f8kken s\u00f8rger for afslappende pauser \u2013 inklusiv kaffe ad libitum. Kolde drikkevarer kan k\u00f8bes til lave priser. <\/p><p class=\"\" data-start=\"774\" data-end=\"1002\">Foreninger nyder godt af <strong data-start=\"798\" data-end=\"827\">fordelagtige priser<\/strong>:<\/p><p class=\"\" data-start=\"774\" data-end=\"1002\"><br data-start=\"828\" data-end=\"831\">\ud83d\udc49 <strong data-start=\"834\" data-end=\"851\">Konferencerum<\/strong>: 45 \u20ac\/time<br data-start=\"864\" data-end=\"867\">\ud83d\udc49 <strong data-start=\"870\" data-end=\"882\">Teamrum<\/strong>: 30 \u20ac\/time<br data-start=\"895\" data-end=\"898\"><br>Prisen g\u00e6lder under f\u00f8lgende foruds\u00e6tninger:<\/p><ul><li data-start=\"774\" data-end=\"1002\">Hverdage ved <strong>booking senest 24 timer f\u00f8r<\/strong><\/li><li data-start=\"774\" data-end=\"1002\">eller hverdage <strong data-start=\"937\" data-end=\"969\">efter kl. 18.00 <\/strong> <\/li><li data-start=\"774\" data-end=\"1002\">eller<strong data-start=\"974\" data-end=\"1001\" data-is-only-node=\"\"> hele weekenden<\/strong><\/li><\/ul><p class=\"\" data-start=\"1183\" data-end=\"1215\"><strong data-start=\"1183\" data-end=\"1215\">Alle priser er ekskl. 19 % moms. <\/strong><\/p>\t\t\t\t\t\t\t\t<\/div>\n\t\t\t\t<\/div>\n\t\t\t\t\t<\/div>\n\t\t\t\t<\/div>\n\t\t<div class=\"elementor-element elementor-element-24eafeca e-flex e-con-boxed e-con e-parent\" data-id=\"24eafeca\" data-element_type=\"container\" data-e-type=\"container\">\n\t\t\t\t\t<div class=\"e-con-inner\">\n\t\t\t\t<div class=\"elementor-element elementor-element-2dcf3808 elementor-widget elementor-widget-heading\" data-id=\"2dcf3808\" data-element_type=\"widget\" data-e-type=\"widget\" data-widget_type=\"heading.default\">\n\t\t\t\t<div class=\"elementor-widget-container\">\n\t\t\t\t\t<h2 class=\"elementor-heading-title elementor-size-default\">Dit space lige efter dit behov<\/h2>\t\t\t\t<\/div>\n\t\t\t\t<\/div>\n\t\t\t\t\t<\/div>\n\t\t\t\t<\/div>\n\t\t\t\t<\/div>\n\t\t","protected":false},"excerpt":{"rendered":"<p>Regionale foreninger, forbund, initiativer og politiske partier nyder godt af attraktive s\u00e6rfordele hos os, som g\u00e6lder p\u00e5 udvalgte dage og i bestemte tidsrum. P\u00e5 den m\u00e5de skaber vi professionelle rammer for engagerede grupper \u2013 uden at belaste budgettet un\u00f8digt. <\/p>\n<p>Uanset om det er bestyrelsesm\u00f8der, medlemsm\u00f8der, projektplanl\u00e6gning, gruppem\u00f8der eller tr\u00e6nerkurser: Vores coworking-space tilbyder de ideelle rammer. Vi har tre moderne lokaler i forskellige st\u00f8rrelser, der kan indrettes fleksibelt med stole. Pr\u00e6sentationsteknik og en fokuseret arbejdsatmosf\u00e6re underst\u00f8tter et produktivt samarbejde.  <\/p>\n<p>Vores store terrasse og det fuldt udstyrede k\u00f8kken s\u00f8rger for gode pauser \u2013 inklusiv kaffe ad libitum og kolde drikkevarer til rimelige priser. Hvis det \u00f8nskes, hj\u00e6lper vi ogs\u00e5 gerne med planl\u00e6gning og organisering af dit arrangement. <\/p>\n","protected":false},"author":1,"featured_media":5928,"comment_status":"closed","ping_status":"open","sticky":false,"template":"elementor_header_footer","format":"standard","meta":{"footnotes":""},"categories":[67,68],"tags":[],"class_list":["post-5927","post","type-post","status-publish","format-standard","has-post-thumbnail","hentry","category-loesninger","category-moeder"],"_links":{"self":[{"href":"https:\/\/coworking-eutin.de\/da\/wp-json\/wp\/v2\/posts\/5927","targetHints":{"allow":["GET"]}}],"collection":[{"href":"https:\/\/coworking-eutin.de\/da\/wp-json\/wp\/v2\/posts"}],"about":[{"href":"https:\/\/coworking-eutin.de\/da\/wp-json\/wp\/v2\/types\/post"}],"author":[{"embeddable":true,"href":"https:\/\/coworking-eutin.de\/da\/wp-json\/wp\/v2\/users\/1"}],"replies":[{"embeddable":true,"href":"https:\/\/coworking-eutin.de\/da\/wp-json\/wp\/v2\/comments?post=5927"}],"version-history":[{"count":1,"href":"https:\/\/coworking-eutin.de\/da\/wp-json\/wp\/v2\/posts\/5927\/revisions"}],"predecessor-version":[{"id":5929,"href":"https:\/\/coworking-eutin.de\/da\/wp-json\/wp\/v2\/posts\/5927\/revisions\/5929"}],"wp:featuredmedia":[{"embeddable":true,"href":"https:\/\/coworking-eutin.de\/da\/wp-json\/wp\/v2\/media\/5928"}],"wp:attachment":[{"href":"https:\/\/coworking-eutin.de\/da\/wp-json\/wp\/v2\/media?parent=5927"}],"wp:term":[{"taxonomy":"category","embeddable":true,"href":"https:\/\/coworking-eutin.de\/da\/wp-json\/wp\/v2\/categories?post=5927"},{"taxonomy":"post_tag","embeddable":true,"href":"https:\/\/coworking-eutin.de\/da\/wp-json\/wp\/v2\/tags?post=5927"}],"curies":[{"name":"wp","href":"https:\/\/api.w.org\/{rel}","templated":true}]}}