{"id":6229,"date":"2024-01-19T16:08:06","date_gmt":"2024-01-19T15:08:06","guid":{"rendered":"https:\/\/coworking-eutin.de\/lokaler\/"},"modified":"2026-03-11T09:17:26","modified_gmt":"2026-03-11T08:17:26","slug":"lokaler","status":"publish","type":"post","link":"https:\/\/coworking-eutin.de\/da\/lokaler\/","title":{"rendered":"Lokaler"},"content":{"rendered":"\t\t<div data-elementor-type=\"wp-page\" data-elementor-id=\"6229\" class=\"elementor elementor-6229 elementor-4009\" data-elementor-post-type=\"post\">\n\t\t\t\t<div class=\"elementor-element elementor-element-62aab87 e-flex e-con-boxed e-con e-parent\" data-id=\"62aab87\" data-element_type=\"container\" data-e-type=\"container\">\n\t\t\t\t\t<div class=\"e-con-inner\">\n\t\t\t\t<div class=\"elementor-element elementor-element-04244ca elementor-widget elementor-widget-text-editor\" data-id=\"04244ca\" data-element_type=\"widget\" data-e-type=\"widget\" data-widget_type=\"text-editor.default\">\n\t\t\t\t<div class=\"elementor-widget-container\">\n\t\t\t\t\t\t\t\t\t<p>Til m\u00f8der, seminarer eller som professionelle rammer for et forretningsm\u00f8de tilbyder vi tre lokaler i forskellige st\u00f8rrelser med fleksible bordopstillinger og omfattende udstyr.<\/p><p>Til pauser kan vores veludstyrede k\u00f8kken og den sk\u00f8nne, store terrasse benyttes. Her er der god kaffe d\u00f8gnet rundt og et velopfyldt k\u00f8leskab med drikkevarer. <\/p><p>Ved behov tager vi os af overnatning, forplejning, aktiviteter og alt det praktiske. Vi arbejder t\u00e6t sammen med regionale virksomheder, s\u00e5 man udover arbejdet ogs\u00e5 kan nyde alle fordelene ved Eutin og omegn. <\/p>\t\t\t\t\t\t\t\t<\/div>\n\t\t\t\t<\/div>\n\t\t\t\t\t<\/div>\n\t\t\t\t<\/div>\n\t\t<div class=\"elementor-element elementor-element-3613d98 e-con-full e-flex e-con e-parent\" data-id=\"3613d98\" data-element_type=\"container\" data-e-type=\"container\" data-settings=\"{&quot;background_background&quot;:&quot;classic&quot;}\">\n\t\t<div class=\"elementor-element elementor-element-44cd8ec e-con-full e-flex e-con e-child\" data-id=\"44cd8ec\" data-element_type=\"container\" data-e-type=\"container\" data-settings=\"{&quot;background_background&quot;:&quot;classic&quot;}\">\n\t\t\t\t<\/div>\n\t\t<div class=\"elementor-element elementor-element-9789029 e-con-full e-flex e-con e-child\" data-id=\"9789029\" data-element_type=\"container\" data-e-type=\"container\">\n\t\t\t\t<div class=\"elementor-element elementor-element-d5945c3 elementor-widget elementor-widget-text-editor\" data-id=\"d5945c3\" data-element_type=\"widget\" data-e-type=\"widget\" data-widget_type=\"text-editor.default\">\n\t\t\t\t<div class=\"elementor-widget-container\">\n\t\t\t\t\t\t\t\t\t<p>Open Space er vores store, lyse f\u00e6llesomr\u00e5de med 10 arbejdspladser. Her kan du frit v\u00e6lge et skrivebord eller booke din yndlingsplads fast. Disse kan bookes fleksibelt p\u00e5 dags-, uge- eller m\u00e5nedsbasis som fix eller flex model.  <\/p><h4><strong>20 \u20ac<\/strong>\/dag (studerende 17 \u20ac)<\/h4><p><strong>80 \u20ac\/ugekort (man-fre)<\/strong><\/p><p><strong>180 \u20ac\/10-turs kort<\/strong><\/p><h4><strong>220 \u20ac<\/strong>\/pr. m\u00e5ned Flex Desk<\/h4><h4><strong>280 \u20ac<\/strong>\/pr. m\u00e5ned Fix Desk<\/h4>\t\t\t\t\t\t\t\t<\/div>\n\t\t\t\t<\/div>\n\t\t\t\t<div class=\"elementor-element elementor-element-ad605df elementor-align-justify elementor-widget__width-initial elementor-widget elementor-widget-button\" data-id=\"ad605df\" data-element_type=\"widget\" data-e-type=\"widget\" data-widget_type=\"button.default\">\n\t\t\t\t<div class=\"elementor-widget-container\">\n\t\t\t\t\t\t\t\t\t<div class=\"elementor-button-wrapper\">\n\t\t\t\t\t<a class=\"elementor-button elementor-button-link elementor-size-sm\" href=\"https:\/\/anny.co\/b\/coworkingeutin\/resources?view=list\" target=\"_blank\" rel=\"noopener\">\n\t\t\t\t\t\t<span class=\"elementor-button-content-wrapper\">\n\t\t\t\t\t\t\t\t\t<span class=\"elementor-button-text\">Book direkte<\/span>\n\t\t\t\t\t<\/span>\n\t\t\t\t\t<\/a>\n\t\t\t\t<\/div>\n\t\t\t\t\t\t\t\t<\/div>\n\t\t\t\t<\/div>\n\t\t\t\t<\/div>\n\t\t\t\t<\/div>\n\t\t<div class=\"elementor-element elementor-element-a04009e e-con-full e-flex e-con e-parent\" data-id=\"a04009e\" data-element_type=\"container\" data-e-type=\"container\" data-settings=\"{&quot;background_background&quot;:&quot;classic&quot;}\">\n\t\t<div class=\"elementor-element elementor-element-b3efe48 e-con-full e-flex e-con e-child\" data-id=\"b3efe48\" data-element_type=\"container\" data-e-type=\"container\" data-settings=\"{&quot;background_background&quot;:&quot;classic&quot;}\">\n\t\t\t\t<\/div>\n\t\t<div class=\"elementor-element elementor-element-080fbcc e-con-full e-flex e-con e-child\" data-id=\"080fbcc\" data-element_type=\"container\" data-e-type=\"container\">\n\t\t\t\t<div class=\"elementor-element elementor-element-7fa2572 elementor-widget elementor-widget-text-editor\" data-id=\"7fa2572\" data-element_type=\"widget\" data-e-type=\"widget\" data-widget_type=\"text-editor.default\">\n\t\t\t\t<div class=\"elementor-widget-container\">\n\t\t\t\t\t\t\t\t\t<p class=\"sqsrte-large\"><span class=\"sqsrte-text-color--black\">Vores store, lyse konferencerum har plads til op til 20 personer ved det seks meter lange bord og tilbyder professionel pr\u00e6sentationsteknik samt egen adgang til solterrassen.<\/span><\/p><ul data-rte-list=\"default\"><li><p class=\"sqsrte-large\"><span class=\"sqsrte-text-color--black\">75\u201d LED-sk\u00e6rm, flipover, whiteboard<\/span><\/p><\/li><li><p class=\"sqsrte-large\"><span class=\"sqsrte-text-color--black\">Fri kaffe, te og vand<\/span><\/p><\/li><li><p class=\"sqsrte-large\"><span class=\"sqsrte-text-color--black\">Egen adgang til solterrassen<\/span><\/p><\/li><li><p class=\"sqsrte-large\"><span class=\"sqsrte-text-color--black\">Ved behov: Moderationskuffert &amp; metaplanv\u00e6g<\/span><\/p><\/li><li><p class=\"sqsrte-large\"><span class=\"sqsrte-text-color--black\">Mulighed for tilk\u00f8b af forplejning<\/span><\/p><\/li><li><p class=\"sqsrte-large\"><span class=\"sqsrte-text-color--black\">Inspirerende, produktiv atmosf\u00e6re<\/span><\/p><\/li><\/ul><h4><strong>60 \u20ac<\/strong>\/t<\/h4><h4><strong>350 \u20ac<\/strong>\/dag<\/h4><p>De angivne priser er nettopriser, ekskl. 19% moms <\/p>\t\t\t\t\t\t\t\t<\/div>\n\t\t\t\t<\/div>\n\t\t\t\t<div class=\"elementor-element elementor-element-726bce8f elementor-align-justify elementor-widget__width-initial elementor-widget elementor-widget-button\" data-id=\"726bce8f\" data-element_type=\"widget\" data-e-type=\"widget\" data-widget_type=\"button.default\">\n\t\t\t\t<div class=\"elementor-widget-container\">\n\t\t\t\t\t\t\t\t\t<div class=\"elementor-button-wrapper\">\n\t\t\t\t\t<a class=\"elementor-button elementor-button-link elementor-size-sm\" href=\"https:\/\/coworking-eutin.de\/da\/kontakt\/\">\n\t\t\t\t\t\t<span class=\"elementor-button-content-wrapper\">\n\t\t\t\t\t\t\t\t\t<span class=\"elementor-button-text\">Mere info<\/span>\n\t\t\t\t\t<\/span>\n\t\t\t\t\t<\/a>\n\t\t\t\t<\/div>\n\t\t\t\t\t\t\t\t<\/div>\n\t\t\t\t<\/div>\n\t\t\t\t<div class=\"elementor-element elementor-element-c173f03 elementor-align-justify elementor-widget__width-initial elementor-widget elementor-widget-button\" data-id=\"c173f03\" data-element_type=\"widget\" data-e-type=\"widget\" data-widget_type=\"button.default\">\n\t\t\t\t<div class=\"elementor-widget-container\">\n\t\t\t\t\t\t\t\t\t<div class=\"elementor-button-wrapper\">\n\t\t\t\t\t<a class=\"elementor-button elementor-button-link elementor-size-sm\" href=\"https:\/\/anny.co\/b\/coworkingeutin\/resources?view=list\" target=\"_blank\" rel=\"noopener\">\n\t\t\t\t\t\t<span class=\"elementor-button-content-wrapper\">\n\t\t\t\t\t\t\t\t\t<span class=\"elementor-button-text\">Book direkte<\/span>\n\t\t\t\t\t<\/span>\n\t\t\t\t\t<\/a>\n\t\t\t\t<\/div>\n\t\t\t\t\t\t\t\t<\/div>\n\t\t\t\t<\/div>\n\t\t\t\t<\/div>\n\t\t\t\t<\/div>\n\t\t<div class=\"elementor-element elementor-element-b9d7ecc e-con-full e-flex e-con e-parent\" data-id=\"b9d7ecc\" data-element_type=\"container\" data-e-type=\"container\" data-settings=\"{&quot;background_background&quot;:&quot;classic&quot;}\">\n\t\t<div class=\"elementor-element elementor-element-b6fda0d e-con-full e-flex e-con e-child\" data-id=\"b6fda0d\" data-element_type=\"container\" data-e-type=\"container\" data-settings=\"{&quot;background_background&quot;:&quot;classic&quot;}\">\n\t\t\t\t<\/div>\n\t\t<div class=\"elementor-element elementor-element-97491ed e-con-full e-flex e-con e-child\" data-id=\"97491ed\" data-element_type=\"container\" data-e-type=\"container\">\n\t\t\t\t<div class=\"elementor-element elementor-element-465c866 elementor-widget elementor-widget-text-editor\" data-id=\"465c866\" data-element_type=\"widget\" data-e-type=\"widget\" data-widget_type=\"text-editor.default\">\n\t\t\t\t<div class=\"elementor-widget-container\">\n\t\t\t\t\t\t\t\t\t<p class=\"sqsrte-large\">M\u00f8delokalet &#8220;Zur Kirche&#8221; er et roligt rum med udsigt til kirken til ca. 8 personer.<\/p><ul data-rte-list=\"default\"><li><p class=\"sqsrte-large\">Fleksibelt inventar<\/p><\/li><li><p class=\"sqsrte-large\">55\u2019\u2019 LED-sk\u00e6rm, whiteboard, flipover<\/p><\/li><li><p class=\"sqsrte-large\">Fri kaffe, te og vand<\/p><\/li><li><p class=\"sqsrte-large\">Ved behov: Moderationskuffert &amp; metaplanv\u00e6g<\/p><\/li><li><p class=\"sqsrte-large\">Mulighed for tilk\u00f8b af forplejning<\/p><\/li><li><p class=\"sqsrte-large\">Inspirerende, produktiv atmosf\u00e6re<\/p><\/li><\/ul><h4><strong>30 \u20ac<\/strong>\/t<\/h4><h4><strong>120 \u20ac<\/strong>\/halv dag (4t)<\/h4><h4><strong>199 \u20ac<\/strong>\/dag<\/h4><p>De angivne priser er nettopriser, ekskl. 19% moms <\/p>\t\t\t\t\t\t\t\t<\/div>\n\t\t\t\t<\/div>\n\t\t\t\t<div class=\"elementor-element elementor-element-880f8e2 elementor-align-justify elementor-widget__width-initial elementor-widget elementor-widget-button\" data-id=\"880f8e2\" data-element_type=\"widget\" data-e-type=\"widget\" data-widget_type=\"button.default\">\n\t\t\t\t<div class=\"elementor-widget-container\">\n\t\t\t\t\t\t\t\t\t<div class=\"elementor-button-wrapper\">\n\t\t\t\t\t<a class=\"elementor-button elementor-button-link elementor-size-sm\" href=\"https:\/\/coworking-eutin.de\/da\/kontakt\/\">\n\t\t\t\t\t\t<span class=\"elementor-button-content-wrapper\">\n\t\t\t\t\t\t\t\t\t<span class=\"elementor-button-text\">Mere info<\/span>\n\t\t\t\t\t<\/span>\n\t\t\t\t\t<\/a>\n\t\t\t\t<\/div>\n\t\t\t\t\t\t\t\t<\/div>\n\t\t\t\t<\/div>\n\t\t\t\t<div class=\"elementor-element elementor-element-f1f6f2e elementor-align-justify elementor-widget__width-initial elementor-widget elementor-widget-button\" data-id=\"f1f6f2e\" data-element_type=\"widget\" data-e-type=\"widget\" data-widget_type=\"button.default\">\n\t\t\t\t<div class=\"elementor-widget-container\">\n\t\t\t\t\t\t\t\t\t<div class=\"elementor-button-wrapper\">\n\t\t\t\t\t<a class=\"elementor-button elementor-button-link elementor-size-sm\" href=\"https:\/\/anny.co\/b\/coworkingeutin\/resources?view=list\" target=\"_blank\" rel=\"noopener\">\n\t\t\t\t\t\t<span class=\"elementor-button-content-wrapper\">\n\t\t\t\t\t\t\t\t\t<span class=\"elementor-button-text\">Book direkte<\/span>\n\t\t\t\t\t<\/span>\n\t\t\t\t\t<\/a>\n\t\t\t\t<\/div>\n\t\t\t\t\t\t\t\t<\/div>\n\t\t\t\t<\/div>\n\t\t\t\t<\/div>\n\t\t\t\t<\/div>\n\t\t<div class=\"elementor-element elementor-element-f9f4b70 e-con-full e-flex e-con e-parent\" data-id=\"f9f4b70\" data-element_type=\"container\" data-e-type=\"container\" data-settings=\"{&quot;background_background&quot;:&quot;classic&quot;}\">\n\t\t<div class=\"elementor-element elementor-element-7614104 e-con-full e-flex e-con e-child\" data-id=\"7614104\" data-element_type=\"container\" data-e-type=\"container\" data-settings=\"{&quot;background_background&quot;:&quot;classic&quot;}\">\n\t\t\t\t<\/div>\n\t\t<div class=\"elementor-element elementor-element-01d459a e-con-full e-flex e-con e-child\" data-id=\"01d459a\" data-element_type=\"container\" data-e-type=\"container\">\n\t\t\t\t<div class=\"elementor-element elementor-element-421ccb3 elementor-widget elementor-widget-text-editor\" data-id=\"421ccb3\" data-element_type=\"widget\" data-e-type=\"widget\" data-widget_type=\"text-editor.default\">\n\t\t\t\t<div class=\"elementor-widget-container\">\n\t\t\t\t\t\t\t\t\t<p class=\"sqsrte-large\">M\u00f8delokalet &#8220;Zur Twiete&#8221; er et sk\u00f8nt, lyst rum med udsigt til Eutins historiske facade, som egner sig til m\u00f8der for maksimalt 6 personer.<\/p><ul data-rte-list=\"default\"><li><p class=\"sqsrte-large\">Fleksibelt inventar &amp; hyggeligt sofahj\u00f8rne<\/p><\/li><li><p class=\"sqsrte-large\">55\u201d LED-sk\u00e6rm, flipover<\/p><\/li><li><p class=\"sqsrte-large\">Fri kaffe, te og vand<\/p><\/li><li><p class=\"sqsrte-large\">Egen adgang til solterrassen<\/p><\/li><li><p class=\"sqsrte-large\">Ved behov: Moderationskuffert &amp; metaplanv\u00e6g<\/p><\/li><li><p class=\"sqsrte-large\">Mulighed for tilk\u00f8b af forplejning<\/p><\/li><li><p class=\"sqsrte-large\">Inspirerende, produktiv atmosf\u00e6re<\/p><\/li><\/ul><h4><strong>30 \u20ac<\/strong>\/t<\/h4><h4><strong>120 \u20ac<\/strong>\/halv dag (4t)<\/h4><h4><strong>199 \u20ac<\/strong>\/dag<\/h4><p>De angivne priser er nettopriser, ekskl. 19% moms <\/p>\t\t\t\t\t\t\t\t<\/div>\n\t\t\t\t<\/div>\n\t\t\t\t<div class=\"elementor-element elementor-element-e148ee5 elementor-align-justify elementor-widget__width-initial elementor-widget elementor-widget-button\" data-id=\"e148ee5\" data-element_type=\"widget\" data-e-type=\"widget\" data-widget_type=\"button.default\">\n\t\t\t\t<div class=\"elementor-widget-container\">\n\t\t\t\t\t\t\t\t\t<div class=\"elementor-button-wrapper\">\n\t\t\t\t\t<a class=\"elementor-button elementor-button-link elementor-size-sm\" href=\"https:\/\/coworking-eutin.de\/da\/kontakt\/\">\n\t\t\t\t\t\t<span class=\"elementor-button-content-wrapper\">\n\t\t\t\t\t\t\t\t\t<span class=\"elementor-button-text\">Mere info<\/span>\n\t\t\t\t\t<\/span>\n\t\t\t\t\t<\/a>\n\t\t\t\t<\/div>\n\t\t\t\t\t\t\t\t<\/div>\n\t\t\t\t<\/div>\n\t\t\t\t<div class=\"elementor-element elementor-element-436b6da elementor-align-justify elementor-widget__width-initial elementor-widget elementor-widget-button\" data-id=\"436b6da\" data-element_type=\"widget\" data-e-type=\"widget\" data-widget_type=\"button.default\">\n\t\t\t\t<div class=\"elementor-widget-container\">\n\t\t\t\t\t\t\t\t\t<div class=\"elementor-button-wrapper\">\n\t\t\t\t\t<a class=\"elementor-button elementor-button-link elementor-size-sm\" href=\"https:\/\/anny.co\/b\/coworkingeutin\/resources?view=list\" target=\"_blank\" rel=\"noopener\">\n\t\t\t\t\t\t<span class=\"elementor-button-content-wrapper\">\n\t\t\t\t\t\t\t\t\t<span class=\"elementor-button-text\">Book direkte<\/span>\n\t\t\t\t\t<\/span>\n\t\t\t\t\t<\/a>\n\t\t\t\t<\/div>\n\t\t\t\t\t\t\t\t<\/div>\n\t\t\t\t<\/div>\n\t\t\t\t<\/div>\n\t\t\t\t<\/div>\n\t\t\t\t<\/div>\n\t\t","protected":false},"excerpt":{"rendered":"<p>Fire fleksibelt anvendelige lokaler giver de ideelle rammer for m\u00f8der, seminarer og forretningssamtaler \u2013 med moderne udstyr, k\u00f8kken og en stor terrasse. Efter \u00f8nske organiserer vi overnatning, forplejning og aktiviteter i samarbejde med regionale partnere, s\u00e5 arbejdet og Eutins fordele kan kombineres perfekt. <\/p>\n","protected":false},"author":1,"featured_media":5998,"comment_status":"closed","ping_status":"closed","sticky":false,"template":"","format":"standard","meta":{"footnotes":""},"categories":[68],"tags":[],"class_list":["post-6229","post","type-post","status-publish","format-standard","has-post-thumbnail","hentry","category-moeder"],"_links":{"self":[{"href":"https:\/\/coworking-eutin.de\/da\/wp-json\/wp\/v2\/posts\/6229","targetHints":{"allow":["GET"]}}],"collection":[{"href":"https:\/\/coworking-eutin.de\/da\/wp-json\/wp\/v2\/posts"}],"about":[{"href":"https:\/\/coworking-eutin.de\/da\/wp-json\/wp\/v2\/types\/post"}],"author":[{"embeddable":true,"href":"https:\/\/coworking-eutin.de\/da\/wp-json\/wp\/v2\/users\/1"}],"replies":[{"embeddable":true,"href":"https:\/\/coworking-eutin.de\/da\/wp-json\/wp\/v2\/comments?post=6229"}],"version-history":[{"count":1,"href":"https:\/\/coworking-eutin.de\/da\/wp-json\/wp\/v2\/posts\/6229\/revisions"}],"predecessor-version":[{"id":6259,"href":"https:\/\/coworking-eutin.de\/da\/wp-json\/wp\/v2\/posts\/6229\/revisions\/6259"}],"wp:featuredmedia":[{"embeddable":true,"href":"https:\/\/coworking-eutin.de\/da\/wp-json\/wp\/v2\/media\/5998"}],"wp:attachment":[{"href":"https:\/\/coworking-eutin.de\/da\/wp-json\/wp\/v2\/media?parent=6229"}],"wp:term":[{"taxonomy":"category","embeddable":true,"href":"https:\/\/coworking-eutin.de\/da\/wp-json\/wp\/v2\/categories?post=6229"},{"taxonomy":"post_tag","embeddable":true,"href":"https:\/\/coworking-eutin.de\/da\/wp-json\/wp\/v2\/tags?post=6229"}],"curies":[{"name":"wp","href":"https:\/\/api.w.org\/{rel}","templated":true}]}}